{"id":331,"date":"2011-05-06T07:12:53","date_gmt":"2011-05-06T07:12:53","guid":{"rendered":"http:\/\/www.ucimr.ro\/oportunitatilatineacasa\/?p=331"},"modified":"2011-05-25T11:26:43","modified_gmt":"2011-05-25T11:26:43","slug":"recital-din-cadrul-stagiunii-%e2%80%9esunetul-muzicii%e2%80%9d-editia-i","status":"publish","type":"post","link":"https:\/\/oportunitatilatineacasa.ucimr.ro\/?p=331","title":{"rendered":"Recital din cadrul stagiunii Sunetul Muzicii &#8211; editia I"},"content":{"rendered":"<h2 style=\"text-align: center;\"><strong>Muzeul National Peles si ExcesMusic va invita la un nou <\/strong><\/h2>\n<h2 style=\"text-align: center;\"><strong>recital din cadrul Stagiunii &#8220;Sunetul muzicii&#8221;- editia I<\/strong><\/h2>\n<p><strong> <\/strong><\/p>\n<p>&nbsp;<\/p>\n<p><strong> <\/strong><\/p>\n<p>Eveniment muzical la <strong>Castelul Pele\u015f<\/strong>.<\/p>\n<p><img loading=\"lazy\" decoding=\"async\" class=\"alignright size-medium wp-image-332\" style=\"margin: 10px;\" title=\"silvia sbarciu\" src=\"http:\/\/www.ucimr.ro\/oportunitatilatineacasa\/wp-content\/uploads\/2011\/05\/silvia-sbarciu-300x220.jpg\" alt=\"\" width=\"300\" height=\"220\" srcset=\"https:\/\/oportunitatilatineacasa.ucimr.ro\/wp-content\/uploads\/2011\/05\/silvia-sbarciu-300x220.jpg 300w, https:\/\/oportunitatilatineacasa.ucimr.ro\/wp-content\/uploads\/2011\/05\/silvia-sbarciu.jpg 706w\" sizes=\"auto, (max-width: 300px) 100vw, 300px\" \/>S\u00e2mb\u0103t\u0103 <strong>21 mai 2011<\/strong>, de la <strong>ora 17<\/strong>, \u00een sala de muzic\u0103 a <strong>Castelului Pele\u015f<\/strong> pute\u0163i asculta un talent excep\u0163ional &#8211; Silvia Sb\u00e2rciu. T\u00e2n\u0103ra pianist\u0103, format\u0103 la \u015fcoala muzical\u0103 clujan\u0103, cu studii de perfec\u0163ionare la Universitatea din Mannheim va oferi un regal muzical interpret\u00e2nd opusuri de mare atractivitate semnate de: Robert Schumann, Serghei Prokofiev, Joseph Haydn \u015fi Louis Couperin.<\/p>\n<p>Prin acest recital continu\u0103 cea mai recent\u0103 atrac\u0163ie destinat\u0103 melomanilor afla\u0163i pe Valea Prahovei &#8211; prima edi\u0163ie a Stagiunii \u201cSunetul muzicii\u201d, eveniment organizat de Muzeul Na\u0163ional Pele\u015f, Radio Romania Cultural \u015fi ExcesMusic.<\/p>\n<p>Accesul se face pe baz\u0103 de invita\u0163ie, care poate fi ob\u0163inut\u0103 de la Muzeul Na\u0163ional Pele\u015f, tel. 0244-310918, interior 150 \u2013 sec\u0163ia Rela\u0163ii publice sau pe adresa de e-mail: concerte@peles.ro.<\/p>\n<p><strong> <\/strong><\/p>\n<p><strong>Parteneri:<\/strong> <em>Uniunea de Crea\u0163ie Interpretativ\u0103 a Muzicienilor din Rom\u00e2nia prin Programul \u201cOportunit\u0103\u0163i la tine acas\u0103\u201d.<\/em><\/p>\n<p><strong>Parteneri media:<\/strong> <em>Radio Romania Muzical, \u015eapte seri, Port.ro,\u00a0 Liternet.ro, Observator cultural, N 24 Plus, B 24 Fun, Zile \u015fi Nop\u0163i, \u00a0Muzicabuna.ro.<\/em><\/p>\n<p><img decoding=\"async\" class=\"aligncenter size-full wp-image-333\" title=\"afis-21mai\" src=\"http:\/\/www.ucimr.ro\/oportunitatilatineacasa\/wp-content\/uploads\/2011\/05\/afis-21mai.jpg\" alt=\"\" width=\"665\" srcset=\"https:\/\/oportunitatilatineacasa.ucimr.ro\/wp-content\/uploads\/2011\/05\/afis-21mai.jpg 724w, https:\/\/oportunitatilatineacasa.ucimr.ro\/wp-content\/uploads\/2011\/05\/afis-21mai-212x300.jpg 212w\" sizes=\"(max-width: 724px) 100vw, 724px\" \/><\/p>\n","protected":false},"excerpt":{"rendered":"<p>Muzeul National Peles si ExcesMusic va invita la un nou recital din cadrul Stagiunii &#8220;Sunetul muzicii&#8221;- editia I &nbsp; Eveniment muzical la Castelul Pele\u015f. S\u00e2mb\u0103t\u0103 21 mai 2011, de la [&hellip;]<\/p>\n","protected":false},"author":1,"featured_media":0,"comment_status":"open","ping_status":"open","sticky":false,"template":"","format":"standard","meta":{"footnotes":""},"categories":[1],"tags":[],"class_list":["post-331","post","type-post","status-publish","format-standard","hentry","category-evenimente"],"_links":{"self":[{"href":"https:\/\/oportunitatilatineacasa.ucimr.ro\/index.php?rest_route=\/wp\/v2\/posts\/331","targetHints":{"allow":["GET"]}}],"collection":[{"href":"https:\/\/oportunitatilatineacasa.ucimr.ro\/index.php?rest_route=\/wp\/v2\/posts"}],"about":[{"href":"https:\/\/oportunitatilatineacasa.ucimr.ro\/index.php?rest_route=\/wp\/v2\/types\/post"}],"author":[{"embeddable":true,"href":"https:\/\/oportunitatilatineacasa.ucimr.ro\/index.php?rest_route=\/wp\/v2\/users\/1"}],"replies":[{"embeddable":true,"href":"https:\/\/oportunitatilatineacasa.ucimr.ro\/index.php?rest_route=%2Fwp%2Fv2%2Fcomments&post=331"}],"version-history":[{"count":7,"href":"https:\/\/oportunitatilatineacasa.ucimr.ro\/index.php?rest_route=\/wp\/v2\/posts\/331\/revisions"}],"predecessor-version":[{"id":358,"href":"https:\/\/oportunitatilatineacasa.ucimr.ro\/index.php?rest_route=\/wp\/v2\/posts\/331\/revisions\/358"}],"wp:attachment":[{"href":"https:\/\/oportunitatilatineacasa.ucimr.ro\/index.php?rest_route=%2Fwp%2Fv2%2Fmedia&parent=331"}],"wp:term":[{"taxonomy":"category","embeddable":true,"href":"https:\/\/oportunitatilatineacasa.ucimr.ro\/index.php?rest_route=%2Fwp%2Fv2%2Fcategories&post=331"},{"taxonomy":"post_tag","embeddable":true,"href":"https:\/\/oportunitatilatineacasa.ucimr.ro\/index.php?rest_route=%2Fwp%2Fv2%2Ftags&post=331"}],"curies":[{"name":"wp","href":"https:\/\/api.w.org\/{rel}","templated":true}]}}