{"id":98,"date":"2010-01-02T08:34:29","date_gmt":"2010-01-02T08:34:29","guid":{"rendered":"http:\/\/www.ucimr.ro\/oportunitatilatineacasa\/?p=98"},"modified":"2011-03-12T08:53:21","modified_gmt":"2011-03-12T08:53:21","slug":"mogosoaia-palatul-sperantelor","status":"publish","type":"post","link":"https:\/\/oportunitatilatineacasa.ucimr.ro\/?p=98","title":{"rendered":"Mogosoaia &#8211; Palatul Sperantelor"},"content":{"rendered":"<p>Concursul \u201e<strong>Drumul spre celebritate<\/strong>\u201c se va desf\u0103\u015fura  la Centrul cultural Palatele Br\u00e2ncovene\u015fti, \u00eentre <strong>9 ianuarie \u015fi 5  iunie<\/strong>. Destinate tinerilor muzicieni \u00eentre 16 \u015fi 25 de ani,  spectacolele-concurs vor fi urmate de vizite ghidate \u00een muzeu.<\/p>\n<p>Proiectul \u201eMogo\u015foaia &#8211; Palatul speran\u0163elor&#8221;,  organizat de Centrul cultural \u015fi de Radio Rom\u00e2nia Cultural este menit s\u0103  promoveze muzicienii tineri \u015fi s\u0103 contribuie la formarea unui public de  muzic\u0103 clasic\u0103. Concertele vor avea loc de dou\u0103 ori pe lun\u0103, s\u00e2mb\u0103ta,  \u00eencep\u00e2nd cu ora 11. Ele vor fi \u00eenregistrare \u015fi, \u00eencep\u00e2nd din luna  martie, vor fi difuzate duminica, la ora 14, de Radio Rom\u00e2nia Cultural.<\/p>\n<p>&nbsp;<\/p>\n<h3>Jurii si premii<\/h3>\n<p>Fiecare dintre cele 12 spectacole-concurs va fi dedicat unui  instrument sau unui grup de instrumente. Al\u0103turi de cei cinci sau \u015fase  candida\u0163i, va evolua c\u00e2te un maestru al instrumentului respectiv. \u00cen  afara microrecitalului oferit, acesta va r\u0103spunde \u015fi \u00eentreb\u0103rilor venite  din public, privind instrumentul zilei respective, presta\u0163ia tinerilor  muzicieni sau date despre autorilor pieselor interpretate, ceea ce  confer\u0103 \u00eent\u00e2lnirilor un caracter interactiv.<\/p>\n<p>Fiecare interpret va prezenta un program liber de minimum 15  minute. C\u00e2\u015ftig\u0103torul fiec\u0103rei edi\u0163ii va fi decis prin voturile unui  juriu, format din reprezentan\u0163i ai Redac\u0163iei Muzicale Radio, ai  Centrului Cultural \u201ePalatele Br\u00e2ncovene\u015fti&#8221; \u015fi ai Agen\u0163iei de  impresariat \u015fi management artistic \u201e<strong>ExcesMusic<\/strong>&#8220;, care sus\u0163ine  organizarea manifest\u0103rii prin programul \u201e<strong>Oportunit\u0103\u0163i la tine acas\u0103<\/strong>&#8220;, \u015fi  prin votul publicului.<\/p>\n<p>La fiecare concert vor fi \u00een sal\u0103 aproximativ 100 de tineri, mul\u0163i  dintre ei veni\u0163i de la \u015fcoli din Bucure\u015fti, Mogo\u015foaia \u015fi Buftea, care  vor vota interpretul preferat. Juriul va avea acela\u015fi num\u0103r de voturi ca  \u015fi publicul.<\/p>\n<p>Primii trei clasa\u0163i vor fi invita\u0163i s\u0103 concerteze la stagiunea 2011  a programului \u201eMuzica la Palatele Br\u00e2ncovene\u015fti&#8221;, iar Marele Premiu va  fi de 1.000 de euro.<\/p>\n<p>&nbsp;<\/p>\n<h3>Gong inaugural<\/h3>\n<p>Prima edi\u0163ie a concursului are loc s\u00e2mb\u0103t\u0103 9 ianuarie \u015fi este  dedicat\u0103 chitarei. \u015ease concuren\u0163i &#8211; Tudor Niculescu Mizil, Radu V\u00e2lcu,  Robert Marian Caloian, Drago\u015f Horghidan, Bogdan Alexandru Cioceanu \u015fi  Eduard Nicolae Lea\u0163\u0103 &#8211; vor prezenta piese ale repertoriului clasic al  acestui instrument, semnate de Dionisos Aguado, Jose Merlin, Isaac  Albeniz, C\u0103t\u0103lin \u015etef\u0103nescu, Sergio Assad, Paulo Belinati, Leo Brouwer,  Jorge Morel, Nikita Koshkin, Robert Marian Caloian, Valentin Bakfark,  Giulio Regondi, Manuel Ponce, Fernando Sor, Heitor Villa-Lobos, Roland  Dyens, Ignacio Fifueredo, Joaquin Rodrigo.<\/p>\n<p>Maestrul invitat este prof. Costin Soare, care va interpreta  \u201eIntroducere \u015fi varia\u0163iuni pe o tem\u0103 din \u00abFlautul fermecat\u00bb de Mozart,  op.9&#8243; de Fernando Sor.<\/p>\n<p>Juriul de specialitate la aceast\u0103 edi\u0163ie este format din Veronica  Sbarcea, \u015fef sec\u0163ie Simfonic &#8211; Camer\u0103 a Redac\u0163iei muzicale Radio, Doina  M\u00e2ndru, coordonator Programe culturale al Centrului Cultural Mogo\u015foaia,  \u015fi Sebastian Gheorghiu, director al ExcesMusic. \u00cen sal\u0103 vor fi 90 de  elevi cu drept de vot, de la <strong>Liceului teoretic \u201eConstantin Br\u00e2ncoveanu&#8221;.<\/strong><\/p>\n<h3>Structura concursului<\/h3>\n<p><strong>I. <\/strong>9 ianuarie &#8211; Chitar\u0103. Invitat: Prof. Costin Soare (foto).<\/p>\n<p><strong>II. <\/strong>23 ianuarie &#8211; Vibrafon \u015fi marimbafon. Invitat: Alexandru Anastasiu, membru al Orchestrei Na\u0163ionale Radio<\/p>\n<p><strong>III.<\/strong> 13 februarie &#8211; Violoncel  \u015fi contrabas. Invitat: violoncelistul Alexandru Moro\u015fanu, solist concertist al Orchestrelor Radio.<\/p>\n<p><strong>IV.<\/strong> 27 februarie &#8211; Flaut \u015fi oboi. Invitat: flautistul Ion Bogdan \u015etef\u0103nescu, solist al Filarmonicii \u201eGeorge Enescu&#8221;.<\/p>\n<p><strong>V<\/strong>. 13 martie &#8211; Pian. Invitat: Horia Mihail.<\/p>\n<p><strong>VI<\/strong>. 27 martie &#8211; Canto. Invitat\u0103: Sorina Munteanu &#8211; solist\u0103 a Operei Na\u0163ionale din Bucure\u015fti.<\/p>\n<p><strong>VII<\/strong>. 17 aprilie &#8211; Trompet\u0103 \u015fi corn. Invitat: Flavius Petrescu &#8211; solist al Orchestrei din Hamburg.<\/p>\n<p><strong>VIII.<\/strong> 24 aprilie &#8211; Clarinet \u015fi fagot. Invitat: clarinetistul Emil Vi\u015fenescu &#8211; solist al Filarmonicii \u201eGeorge Enescu&#8221;.<\/p>\n<p><strong>IX. <\/strong>8 mai &#8211; Forma\u0163ii camerale (trio &#8211; cvartet). Invitat:  conf.univ. dr. Ioana Raluca Voicu, \u015fefa catedrei de muzic\u0103 de camer\u0103 a  Universit\u0103\u0163ii Na\u0163ionale de Muzic\u0103 din Bucure\u015fti.<\/p>\n<p><strong>X<\/strong>. 22 mai &#8211; Trombon \u015fi tub\u0103. Invitat: Florin Pane, solist al Filarmonicii \u201eGeorge Enescu&#8221;<\/p>\n<p><strong>XI.<\/strong> 29 mai &#8211; Vioar\u0103 \u015fi viol\u0103. Invitat: violonistul Alexandru Tomescu, solist al Forma\u0163iilor Muzicale Radio.<\/p>\n<p><strong>XII.<\/strong> 5 iunie &#8211; Finala. Juriul profesionist va decide ierarhia final\u0103 a tinerilor instrumenti\u015fti.<\/p>\n<p>&nbsp;<\/p>\n","protected":false},"excerpt":{"rendered":"<p>Concursul \u201eDrumul spre celebritate\u201c se va desf\u0103\u015fura la Centrul cultural Palatele Br\u00e2ncovene\u015fti, \u00eentre 9 ianuarie \u015fi 5 iunie. Destinate tinerilor muzicieni \u00eentre 16 \u015fi 25 de ani, spectacolele-concurs vor fi [&hellip;]<\/p>\n","protected":false},"author":1,"featured_media":0,"comment_status":"open","ping_status":"open","sticky":false,"template":"","format":"standard","meta":{"footnotes":""},"categories":[1],"tags":[],"class_list":["post-98","post","type-post","status-publish","format-standard","hentry","category-evenimente"],"_links":{"self":[{"href":"https:\/\/oportunitatilatineacasa.ucimr.ro\/index.php?rest_route=\/wp\/v2\/posts\/98","targetHints":{"allow":["GET"]}}],"collection":[{"href":"https:\/\/oportunitatilatineacasa.ucimr.ro\/index.php?rest_route=\/wp\/v2\/posts"}],"about":[{"href":"https:\/\/oportunitatilatineacasa.ucimr.ro\/index.php?rest_route=\/wp\/v2\/types\/post"}],"author":[{"embeddable":true,"href":"https:\/\/oportunitatilatineacasa.ucimr.ro\/index.php?rest_route=\/wp\/v2\/users\/1"}],"replies":[{"embeddable":true,"href":"https:\/\/oportunitatilatineacasa.ucimr.ro\/index.php?rest_route=%2Fwp%2Fv2%2Fcomments&post=98"}],"version-history":[{"count":3,"href":"https:\/\/oportunitatilatineacasa.ucimr.ro\/index.php?rest_route=\/wp\/v2\/posts\/98\/revisions"}],"predecessor-version":[{"id":129,"href":"https:\/\/oportunitatilatineacasa.ucimr.ro\/index.php?rest_route=\/wp\/v2\/posts\/98\/revisions\/129"}],"wp:attachment":[{"href":"https:\/\/oportunitatilatineacasa.ucimr.ro\/index.php?rest_route=%2Fwp%2Fv2%2Fmedia&parent=98"}],"wp:term":[{"taxonomy":"category","embeddable":true,"href":"https:\/\/oportunitatilatineacasa.ucimr.ro\/index.php?rest_route=%2Fwp%2Fv2%2Fcategories&post=98"},{"taxonomy":"post_tag","embeddable":true,"href":"https:\/\/oportunitatilatineacasa.ucimr.ro\/index.php?rest_route=%2Fwp%2Fv2%2Ftags&post=98"}],"curies":[{"name":"wp","href":"https:\/\/api.w.org\/{rel}","templated":true}]}}